{"id":7645,"date":"2013-05-06T08:45:58","date_gmt":"2013-05-06T08:45:58","guid":{"rendered":"http:\/\/museo.inf.upv.es\/?p=576"},"modified":"2013-05-06T08:45:58","modified_gmt":"2013-05-06T08:45:58","slug":"exposici%c3%b3-a-lespai-info","status":"publish","type":"post","link":"https:\/\/museo.inf.upv.es\/en\/blog\/2013\/05\/06\/exposici%c3%b3-a-lespai-info\/","title":{"rendered":"Exposici\u00f3 Inform\u00e0tica i Cinema: quan els bits arriben al cel\u00b7luloide"},"content":{"rendered":"<p><a href=\"https:\/\/museoinf.webs.upv.es\/wp-content\/uploads\/2013\/05\/EXPO1.jpg\"><img loading=\"lazy\" decoding=\"async\" class=\"alignright size-thumbnail wp-image-590\" alt=\"EXPO1\" src=\"https:\/\/museoinf.webs.upv.es\/wp-content\/uploads\/2013\/05\/EXPO1-150x150.jpg\" width=\"135\" height=\"135\" \/><\/a><\/p>\n<p><a href=\"https:\/\/museoinf.webs.upv.es\/wp-content\/uploads\/2013\/05\/EXPO2.jpg\"><img loading=\"lazy\" decoding=\"async\" class=\"alignright size-thumbnail wp-image-591\" alt=\"EXPO2\" src=\"https:\/\/museoinf.webs.upv.es\/wp-content\/uploads\/2013\/05\/EXPO2-150x150.jpg\" width=\"135\" height=\"135\" \/><\/a>El\u00a0<a href=\"https:\/\/museoinf.webs.upv.es\/\">Museu d&#8217;Inform\u00e0tica<\/a>\u00a0de l&#8217;<a href=\"http:\/\/www.upv.es\/entidades\/etsinf\/\">Escola T\u00e8cnica Superior d&#8217;Enginyeria Inform\u00e0tica de la UPV (ETSINF)<\/a>\u00a0ha organitzat conjuntament amb els professors Mar\u00eda Jos\u00e9 Castro i Juan \u00c1ngel S\u00e1iz\u00a0l&#8217;exposici\u00f3 \u201c<b>Inform\u00e0tica i Cinema<\/b>\u201d, que romandr\u00e0 en l&#8217;Escola durant tot el mes de maig. Aquesta exposici\u00f3 posa en primer pl\u00e0nol l&#8217;\u00edntima i fruct\u00edfera relaci\u00f3 que, al llarg dels anys, han establert el cinema i la inform\u00e0tica.<\/p>\n<p>Un recorregut per\u00a0<b>espai.inf,<\/b>\u00a0l&#8217;\u00e0rea d&#8217;exposicions situada en el hall de l&#8217;edifici 1E de l&#8217;ETSINF, repassa els llargmetratges m\u00e9s populars que van posar en valor algun aspecte essencial de la ci\u00e8ncia inform\u00e0tica, i mostra a l&#8217;espectador diversos ordinadors i videojocs que han intervingut en pel\u00b7l\u00edcules. L&#8217;exposici\u00f3 ha habilitat tamb\u00e9 un\u00a0<b>espai interactiu<\/b>\u00a0on el p\u00fablic assistent pot jugar amb alguns dels videojocs m\u00e9s populars dels anys 80 del segle passat. A m\u00e9s a m\u00e9s s&#8217;ha programat un cicle de cinema vinculat amb l&#8217;exposici\u00f3.<\/p>\n<p>El disseny de l&#8217;exposici\u00f3 compta amb p\u00f2sters, fitxes divulgatives i materials que formen part dels fons museogr\u00e0fics del Museu d&#8217;Inform\u00e0tica. Segons paraules del seu director, Xavier Molero, a partir dels llargmetratges \u00a0\u201c\u00e9s possible plantejar i analitzar de manera molt amena temes transversals a diferents disciplines com ara la intel\u00b7lig\u00e8ncia artificial, la realitat virtual, l&#8217;obsolesc\u00e8ncia programada o la brossa electr\u00f2nica\u201d. L&#8217;exposici\u00f3 ha comptat amb la col\u00b7laboraci\u00f3 en l&#8217;organitzaci\u00f3 de Carlos Settier\u00a0 i Diego \u00c1lvarez.<\/p>\n<p>Si entre les teues passions sumes cinema, inform\u00e0tica o videojocs, no t&#8217;ho penses i acudeix a aquesta singular mostra en l&#8217;ETSINF.<\/p>\n<p><b>Exposici\u00f3: Cinema i inform\u00e0tica<\/b><br \/>\n<b>Lloc: espai.inf, hall de l&#8217;edifici 1I, ETSINF<\/b><br \/>\n<b>Data: del 6 al 31 de maig de 2013<\/b><br \/>\n<b>Horari: 09-20h de dilluns a divendres<\/b><\/p>\n<table>\n<tbody>\n<tr>\n<td><img decoding=\"async\" class=\"size-thumbnail wp-image-574 alignleft\" alt=\"exptemporal\" src=\"https:\/\/museoinf.webs.upv.es\/wp-content\/uploads\/2013\/05\/exptemporal.jpg\" width=\"300\" \/><\/td>\n<td><img decoding=\"async\" class=\"alignright size-full wp-image-589\" alt=\"semanacultural12\" src=\"https:\/\/museoinf.webs.upv.es\/wp-content\/uploads\/2013\/05\/semanacultural12.jpg\" width=\"280px\" \/><\/td>\n<\/tr>\n<\/tbody>\n<\/table>\n","protected":false},"excerpt":{"rendered":"<p>El\u00a0Museu d&#8217;Inform\u00e0tica\u00a0de l&#8217;Escola T\u00e8cnica Superior d&#8217;Enginyeria Inform\u00e0tica de la UPV (ETSINF)\u00a0ha organitzat conjuntament amb els professors Mar\u00eda Jos\u00e9 Castro i Juan \u00c1ngel S\u00e1iz\u00a0l&#8217;exposici\u00f3 \u201cInform\u00e0tica i Cinema\u201d, que romandr\u00e0 en l&#8217;Escola durant tot el mes de maig. Aquesta exposici\u00f3 posa en primer pl\u00e0nol l&#8217;\u00edntima i fruct\u00edfera relaci\u00f3 que, al llarg dels anys, han establert el cinema [&hellip;]<\/p>\n","protected":false},"author":2,"featured_media":7643,"comment_status":"closed","ping_status":"closed","sticky":false,"template":"","format":"standard","meta":{"_monsterinsights_skip_tracking":false,"_monsterinsights_sitenote_active":false,"_monsterinsights_sitenote_note":"","_monsterinsights_sitenote_category":0,"footnotes":""},"categories":[44],"tags":[],"class_list":{"0":"post-7645","1":"post","2":"type-post","3":"status-publish","4":"format-standard","5":"has-post-thumbnail","6":"hentry","7":"category-noticies","9":"post-with-thumbnail","10":"post-with-thumbnail-large"},"yoast_head":"<!-- This site is optimized with the Yoast SEO plugin v27.5 - https:\/\/yoast.com\/product\/yoast-seo-wordpress\/ -->\n<title>Exposici\u00f3 Inform\u00e0tica i Cinema: quan els bits arriben al cel\u00b7luloide - Web del Museo de Inform\u00e1tica 2.0<\/title>\n<meta name=\"robots\" content=\"index, follow, max-snippet:-1, max-image-preview:large, max-video-preview:-1\" \/>\n<link rel=\"canonical\" href=\"https:\/\/museo.inf.upv.es\/va\/blog\/2013\/05\/06\/exposici\u00f3-a-lespai-info\/\" \/>\n<meta property=\"og:locale\" content=\"en_US\" \/>\n<meta property=\"og:type\" content=\"article\" \/>\n<meta property=\"og:title\" content=\"Exposici\u00f3 Inform\u00e0tica i Cinema: quan els bits arriben al cel\u00b7luloide - Web del Museo de Inform\u00e1tica 2.0\" \/>\n<meta property=\"og:description\" content=\"El\u00a0Museu d&#8217;Inform\u00e0tica\u00a0de l&#8217;Escola T\u00e8cnica Superior d&#8217;Enginyeria Inform\u00e0tica de la UPV (ETSINF)\u00a0ha organitzat conjuntament amb els professors Mar\u00eda Jos\u00e9 Castro i Juan \u00c1ngel S\u00e1iz\u00a0l&#8217;exposici\u00f3 \u201cInform\u00e0tica i Cinema\u201d, que romandr\u00e0 en l&#8217;Escola durant tot el mes de maig. Aquesta exposici\u00f3 posa en primer pl\u00e0nol l&#8217;\u00edntima i fruct\u00edfera relaci\u00f3 que, al llarg dels anys, han establert el cinema [&hellip;]\" \/>\n<meta property=\"og:url\" content=\"https:\/\/museo.inf.upv.es\/va\/blog\/2013\/05\/06\/exposici\u00f3-a-lespai-info\/\" \/>\n<meta property=\"og:site_name\" content=\"Web del Museo de Inform\u00e1tica 2.0\" \/>\n<meta property=\"article:published_time\" content=\"2013-05-06T08:45:58+00:00\" \/>\n<meta property=\"og:image\" content=\"https:\/\/museo.inf.upv.es\/wp-content\/uploads\/2013\/05\/Captura-de-pantalla-2013-05-06-a-las-09.57.44.png\" \/>\n\t<meta property=\"og:image:width\" content=\"549\" \/>\n\t<meta property=\"og:image:height\" content=\"213\" \/>\n\t<meta property=\"og:image:type\" content=\"image\/png\" \/>\n<meta name=\"author\" content=\"Fernando\" \/>\n<meta name=\"twitter:card\" content=\"summary_large_image\" \/>\n<meta name=\"twitter:label1\" content=\"Written by\" \/>\n\t<meta name=\"twitter:data1\" content=\"Fernando\" \/>\n\t<meta name=\"twitter:label2\" content=\"Est. reading time\" \/>\n\t<meta name=\"twitter:data2\" content=\"1 minute\" \/>\n<script type=\"application\/ld+json\" class=\"yoast-schema-graph\">{\"@context\":\"https:\\\/\\\/schema.org\",\"@graph\":[{\"@type\":\"Article\",\"@id\":\"https:\\\/\\\/museo.inf.upv.es\\\/va\\\/blog\\\/2013\\\/05\\\/06\\\/exposici%c3%b3-a-lespai-info\\\/#article\",\"isPartOf\":{\"@id\":\"https:\\\/\\\/museo.inf.upv.es\\\/va\\\/blog\\\/2013\\\/05\\\/06\\\/exposici%c3%b3-a-lespai-info\\\/\"},\"author\":{\"name\":\"Fernando\",\"@id\":\"https:\\\/\\\/museo.inf.upv.es\\\/#\\\/schema\\\/person\\\/187843ce2054d1d2490d4ba03bba99ce\"},\"headline\":\"Exposici\u00f3 Inform\u00e0tica i Cinema: quan els bits arriben al cel\u00b7luloide\",\"datePublished\":\"2013-05-06T08:45:58+00:00\",\"mainEntityOfPage\":{\"@id\":\"https:\\\/\\\/museo.inf.upv.es\\\/va\\\/blog\\\/2013\\\/05\\\/06\\\/exposici%c3%b3-a-lespai-info\\\/\"},\"wordCount\":326,\"image\":{\"@id\":\"https:\\\/\\\/museo.inf.upv.es\\\/va\\\/blog\\\/2013\\\/05\\\/06\\\/exposici%c3%b3-a-lespai-info\\\/#primaryimage\"},\"thumbnailUrl\":\"https:\\\/\\\/museo.inf.upv.es\\\/wp-content\\\/uploads\\\/2013\\\/05\\\/Captura-de-pantalla-2013-05-06-a-las-09.57.44.png\",\"articleSection\":[\"Not\u00edcies\"],\"inLanguage\":\"en-US\"},{\"@type\":\"WebPage\",\"@id\":\"https:\\\/\\\/museo.inf.upv.es\\\/va\\\/blog\\\/2013\\\/05\\\/06\\\/exposici%c3%b3-a-lespai-info\\\/\",\"url\":\"https:\\\/\\\/museo.inf.upv.es\\\/va\\\/blog\\\/2013\\\/05\\\/06\\\/exposici%c3%b3-a-lespai-info\\\/\",\"name\":\"Exposici\u00f3 Inform\u00e0tica i Cinema: quan els bits arriben al cel\u00b7luloide - Web del Museo de Inform\u00e1tica 2.0\",\"isPartOf\":{\"@id\":\"https:\\\/\\\/museo.inf.upv.es\\\/#website\"},\"primaryImageOfPage\":{\"@id\":\"https:\\\/\\\/museo.inf.upv.es\\\/va\\\/blog\\\/2013\\\/05\\\/06\\\/exposici%c3%b3-a-lespai-info\\\/#primaryimage\"},\"image\":{\"@id\":\"https:\\\/\\\/museo.inf.upv.es\\\/va\\\/blog\\\/2013\\\/05\\\/06\\\/exposici%c3%b3-a-lespai-info\\\/#primaryimage\"},\"thumbnailUrl\":\"https:\\\/\\\/museo.inf.upv.es\\\/wp-content\\\/uploads\\\/2013\\\/05\\\/Captura-de-pantalla-2013-05-06-a-las-09.57.44.png\",\"datePublished\":\"2013-05-06T08:45:58+00:00\",\"author\":{\"@id\":\"https:\\\/\\\/museo.inf.upv.es\\\/#\\\/schema\\\/person\\\/187843ce2054d1d2490d4ba03bba99ce\"},\"breadcrumb\":{\"@id\":\"https:\\\/\\\/museo.inf.upv.es\\\/va\\\/blog\\\/2013\\\/05\\\/06\\\/exposici%c3%b3-a-lespai-info\\\/#breadcrumb\"},\"inLanguage\":\"en-US\",\"potentialAction\":[{\"@type\":\"ReadAction\",\"target\":[\"https:\\\/\\\/museo.inf.upv.es\\\/va\\\/blog\\\/2013\\\/05\\\/06\\\/exposici%c3%b3-a-lespai-info\\\/\"]}]},{\"@type\":\"ImageObject\",\"inLanguage\":\"en-US\",\"@id\":\"https:\\\/\\\/museo.inf.upv.es\\\/va\\\/blog\\\/2013\\\/05\\\/06\\\/exposici%c3%b3-a-lespai-info\\\/#primaryimage\",\"url\":\"https:\\\/\\\/museo.inf.upv.es\\\/wp-content\\\/uploads\\\/2013\\\/05\\\/Captura-de-pantalla-2013-05-06-a-las-09.57.44.png\",\"contentUrl\":\"https:\\\/\\\/museo.inf.upv.es\\\/wp-content\\\/uploads\\\/2013\\\/05\\\/Captura-de-pantalla-2013-05-06-a-las-09.57.44.png\",\"width\":549,\"height\":213},{\"@type\":\"BreadcrumbList\",\"@id\":\"https:\\\/\\\/museo.inf.upv.es\\\/va\\\/blog\\\/2013\\\/05\\\/06\\\/exposici%c3%b3-a-lespai-info\\\/#breadcrumb\",\"itemListElement\":[{\"@type\":\"ListItem\",\"position\":1,\"name\":\"Portada\",\"item\":\"https:\\\/\\\/museo.inf.upv.es\\\/\"},{\"@type\":\"ListItem\",\"position\":2,\"name\":\"Exposici\u00f3 Inform\u00e0tica i Cinema: quan els bits arriben al cel\u00b7luloide\"}]},{\"@type\":\"WebSite\",\"@id\":\"https:\\\/\\\/museo.inf.upv.es\\\/#website\",\"url\":\"https:\\\/\\\/museo.inf.upv.es\\\/\",\"name\":\"Web del Museo de Inform\u00e1tica 2.0\",\"description\":\"Web del Museo de Inform\u00e1tica 2.0\",\"potentialAction\":[{\"@type\":\"SearchAction\",\"target\":{\"@type\":\"EntryPoint\",\"urlTemplate\":\"https:\\\/\\\/museo.inf.upv.es\\\/?s={search_term_string}\"},\"query-input\":{\"@type\":\"PropertyValueSpecification\",\"valueRequired\":true,\"valueName\":\"search_term_string\"}}],\"inLanguage\":\"en-US\"},{\"@type\":\"Person\",\"@id\":\"https:\\\/\\\/museo.inf.upv.es\\\/#\\\/schema\\\/person\\\/187843ce2054d1d2490d4ba03bba99ce\",\"name\":\"Fernando\",\"image\":{\"@type\":\"ImageObject\",\"inLanguage\":\"en-US\",\"@id\":\"https:\\\/\\\/secure.gravatar.com\\\/avatar\\\/f861d0dc2a2cd6fc6c7b2e4b76fb48705f8d41e834dd31bd1cca957e1b43e8e3?s=96&d=mm&r=g\",\"url\":\"https:\\\/\\\/secure.gravatar.com\\\/avatar\\\/f861d0dc2a2cd6fc6c7b2e4b76fb48705f8d41e834dd31bd1cca957e1b43e8e3?s=96&d=mm&r=g\",\"contentUrl\":\"https:\\\/\\\/secure.gravatar.com\\\/avatar\\\/f861d0dc2a2cd6fc6c7b2e4b76fb48705f8d41e834dd31bd1cca957e1b43e8e3?s=96&d=mm&r=g\",\"caption\":\"Fernando\"},\"url\":\"https:\\\/\\\/museo.inf.upv.es\\\/en\\\/blog\\\/author\\\/comunicaciomuseu\\\/\"}]}<\/script>\n<!-- \/ Yoast SEO plugin. -->","yoast_head_json":{"title":"Exposici\u00f3 Inform\u00e0tica i Cinema: quan els bits arriben al cel\u00b7luloide - Web del Museo de Inform\u00e1tica 2.0","robots":{"index":"index","follow":"follow","max-snippet":"max-snippet:-1","max-image-preview":"max-image-preview:large","max-video-preview":"max-video-preview:-1"},"canonical":"https:\/\/museo.inf.upv.es\/va\/blog\/2013\/05\/06\/exposici\u00f3-a-lespai-info\/","og_locale":"en_US","og_type":"article","og_title":"Exposici\u00f3 Inform\u00e0tica i Cinema: quan els bits arriben al cel\u00b7luloide - Web del Museo de Inform\u00e1tica 2.0","og_description":"El\u00a0Museu d&#8217;Inform\u00e0tica\u00a0de l&#8217;Escola T\u00e8cnica Superior d&#8217;Enginyeria Inform\u00e0tica de la UPV (ETSINF)\u00a0ha organitzat conjuntament amb els professors Mar\u00eda Jos\u00e9 Castro i Juan \u00c1ngel S\u00e1iz\u00a0l&#8217;exposici\u00f3 \u201cInform\u00e0tica i Cinema\u201d, que romandr\u00e0 en l&#8217;Escola durant tot el mes de maig. Aquesta exposici\u00f3 posa en primer pl\u00e0nol l&#8217;\u00edntima i fruct\u00edfera relaci\u00f3 que, al llarg dels anys, han establert el cinema [&hellip;]","og_url":"https:\/\/museo.inf.upv.es\/va\/blog\/2013\/05\/06\/exposici\u00f3-a-lespai-info\/","og_site_name":"Web del Museo de Inform\u00e1tica 2.0","article_published_time":"2013-05-06T08:45:58+00:00","og_image":[{"width":549,"height":213,"url":"https:\/\/museo.inf.upv.es\/wp-content\/uploads\/2013\/05\/Captura-de-pantalla-2013-05-06-a-las-09.57.44.png","type":"image\/png"}],"author":"Fernando","twitter_card":"summary_large_image","twitter_misc":{"Written by":"Fernando","Est. reading time":"1 minute"},"schema":{"@context":"https:\/\/schema.org","@graph":[{"@type":"Article","@id":"https:\/\/museo.inf.upv.es\/va\/blog\/2013\/05\/06\/exposici%c3%b3-a-lespai-info\/#article","isPartOf":{"@id":"https:\/\/museo.inf.upv.es\/va\/blog\/2013\/05\/06\/exposici%c3%b3-a-lespai-info\/"},"author":{"name":"Fernando","@id":"https:\/\/museo.inf.upv.es\/#\/schema\/person\/187843ce2054d1d2490d4ba03bba99ce"},"headline":"Exposici\u00f3 Inform\u00e0tica i Cinema: quan els bits arriben al cel\u00b7luloide","datePublished":"2013-05-06T08:45:58+00:00","mainEntityOfPage":{"@id":"https:\/\/museo.inf.upv.es\/va\/blog\/2013\/05\/06\/exposici%c3%b3-a-lespai-info\/"},"wordCount":326,"image":{"@id":"https:\/\/museo.inf.upv.es\/va\/blog\/2013\/05\/06\/exposici%c3%b3-a-lespai-info\/#primaryimage"},"thumbnailUrl":"https:\/\/museo.inf.upv.es\/wp-content\/uploads\/2013\/05\/Captura-de-pantalla-2013-05-06-a-las-09.57.44.png","articleSection":["Not\u00edcies"],"inLanguage":"en-US"},{"@type":"WebPage","@id":"https:\/\/museo.inf.upv.es\/va\/blog\/2013\/05\/06\/exposici%c3%b3-a-lespai-info\/","url":"https:\/\/museo.inf.upv.es\/va\/blog\/2013\/05\/06\/exposici%c3%b3-a-lespai-info\/","name":"Exposici\u00f3 Inform\u00e0tica i Cinema: quan els bits arriben al cel\u00b7luloide - Web del Museo de Inform\u00e1tica 2.0","isPartOf":{"@id":"https:\/\/museo.inf.upv.es\/#website"},"primaryImageOfPage":{"@id":"https:\/\/museo.inf.upv.es\/va\/blog\/2013\/05\/06\/exposici%c3%b3-a-lespai-info\/#primaryimage"},"image":{"@id":"https:\/\/museo.inf.upv.es\/va\/blog\/2013\/05\/06\/exposici%c3%b3-a-lespai-info\/#primaryimage"},"thumbnailUrl":"https:\/\/museo.inf.upv.es\/wp-content\/uploads\/2013\/05\/Captura-de-pantalla-2013-05-06-a-las-09.57.44.png","datePublished":"2013-05-06T08:45:58+00:00","author":{"@id":"https:\/\/museo.inf.upv.es\/#\/schema\/person\/187843ce2054d1d2490d4ba03bba99ce"},"breadcrumb":{"@id":"https:\/\/museo.inf.upv.es\/va\/blog\/2013\/05\/06\/exposici%c3%b3-a-lespai-info\/#breadcrumb"},"inLanguage":"en-US","potentialAction":[{"@type":"ReadAction","target":["https:\/\/museo.inf.upv.es\/va\/blog\/2013\/05\/06\/exposici%c3%b3-a-lespai-info\/"]}]},{"@type":"ImageObject","inLanguage":"en-US","@id":"https:\/\/museo.inf.upv.es\/va\/blog\/2013\/05\/06\/exposici%c3%b3-a-lespai-info\/#primaryimage","url":"https:\/\/museo.inf.upv.es\/wp-content\/uploads\/2013\/05\/Captura-de-pantalla-2013-05-06-a-las-09.57.44.png","contentUrl":"https:\/\/museo.inf.upv.es\/wp-content\/uploads\/2013\/05\/Captura-de-pantalla-2013-05-06-a-las-09.57.44.png","width":549,"height":213},{"@type":"BreadcrumbList","@id":"https:\/\/museo.inf.upv.es\/va\/blog\/2013\/05\/06\/exposici%c3%b3-a-lespai-info\/#breadcrumb","itemListElement":[{"@type":"ListItem","position":1,"name":"Portada","item":"https:\/\/museo.inf.upv.es\/"},{"@type":"ListItem","position":2,"name":"Exposici\u00f3 Inform\u00e0tica i Cinema: quan els bits arriben al cel\u00b7luloide"}]},{"@type":"WebSite","@id":"https:\/\/museo.inf.upv.es\/#website","url":"https:\/\/museo.inf.upv.es\/","name":"Web del Museo de Inform\u00e1tica 2.0","description":"Web del Museo de Inform\u00e1tica 2.0","potentialAction":[{"@type":"SearchAction","target":{"@type":"EntryPoint","urlTemplate":"https:\/\/museo.inf.upv.es\/?s={search_term_string}"},"query-input":{"@type":"PropertyValueSpecification","valueRequired":true,"valueName":"search_term_string"}}],"inLanguage":"en-US"},{"@type":"Person","@id":"https:\/\/museo.inf.upv.es\/#\/schema\/person\/187843ce2054d1d2490d4ba03bba99ce","name":"Fernando","image":{"@type":"ImageObject","inLanguage":"en-US","@id":"https:\/\/secure.gravatar.com\/avatar\/f861d0dc2a2cd6fc6c7b2e4b76fb48705f8d41e834dd31bd1cca957e1b43e8e3?s=96&d=mm&r=g","url":"https:\/\/secure.gravatar.com\/avatar\/f861d0dc2a2cd6fc6c7b2e4b76fb48705f8d41e834dd31bd1cca957e1b43e8e3?s=96&d=mm&r=g","contentUrl":"https:\/\/secure.gravatar.com\/avatar\/f861d0dc2a2cd6fc6c7b2e4b76fb48705f8d41e834dd31bd1cca957e1b43e8e3?s=96&d=mm&r=g","caption":"Fernando"},"url":"https:\/\/museo.inf.upv.es\/en\/blog\/author\/comunicaciomuseu\/"}]}},"_links":{"self":[{"href":"https:\/\/museo.inf.upv.es\/en\/wp-json\/wp\/v2\/posts\/7645","targetHints":{"allow":["GET"]}}],"collection":[{"href":"https:\/\/museo.inf.upv.es\/en\/wp-json\/wp\/v2\/posts"}],"about":[{"href":"https:\/\/museo.inf.upv.es\/en\/wp-json\/wp\/v2\/types\/post"}],"author":[{"embeddable":true,"href":"https:\/\/museo.inf.upv.es\/en\/wp-json\/wp\/v2\/users\/2"}],"replies":[{"embeddable":true,"href":"https:\/\/museo.inf.upv.es\/en\/wp-json\/wp\/v2\/comments?post=7645"}],"version-history":[{"count":0,"href":"https:\/\/museo.inf.upv.es\/en\/wp-json\/wp\/v2\/posts\/7645\/revisions"}],"wp:featuredmedia":[{"embeddable":true,"href":"https:\/\/museo.inf.upv.es\/en\/wp-json\/wp\/v2\/media\/7643"}],"wp:attachment":[{"href":"https:\/\/museo.inf.upv.es\/en\/wp-json\/wp\/v2\/media?parent=7645"}],"wp:term":[{"taxonomy":"category","embeddable":true,"href":"https:\/\/museo.inf.upv.es\/en\/wp-json\/wp\/v2\/categories?post=7645"},{"taxonomy":"post_tag","embeddable":true,"href":"https:\/\/museo.inf.upv.es\/en\/wp-json\/wp\/v2\/tags?post=7645"}],"curies":[{"name":"wp","href":"https:\/\/api.w.org\/{rel}","templated":true}]}}