{"id":10857,"date":"2023-03-01T09:56:38","date_gmt":"2023-03-01T09:56:38","guid":{"rendered":"https:\/\/museo.inf.upv.es\/?p=10857"},"modified":"2023-03-06T19:46:28","modified_gmt":"2023-03-06T19:46:28","slug":"el-museo-logra-rescatar-una-obra-inedita-de-moebius","status":"publish","type":"post","link":"https:\/\/museo.inf.upv.es\/va\/blog\/2023\/03\/01\/el-museo-logra-rescatar-una-obra-inedita-de-moebius\/","title":{"rendered":"(Espa\u00f1ol) El museo logra rescatar una obra in\u00e9dita de Moebius"},"content":{"rendered":"<p class=\"qtranxs-available-languages-message qtranxs-available-languages-message-va\">Ho sentim, aquesta entrada nom\u00e9s es troba disponible en <a href=\"https:\/\/museo.inf.upv.es\/es\/wp-json\/wp\/v2\/posts\/10857\" class=\"qtranxs-available-language-link qtranxs-available-language-link-es\" title=\"Espa\u00f1ol\">Espa\u00f1ol<\/a>.<\/p>","protected":false},"excerpt":{"rendered":"<p>Ho sentim, aquesta entrada nom\u00e9s es troba disponible en Espa\u00f1ol.<\/p>\n","protected":false},"author":2,"featured_media":10861,"comment_status":"closed","ping_status":"closed","sticky":false,"template":"","format":"standard","meta":{"_monsterinsights_skip_tracking":false,"_monsterinsights_sitenote_active":false,"_monsterinsights_sitenote_note":"","_monsterinsights_sitenote_category":0,"footnotes":""},"categories":[49],"tags":[],"class_list":{"0":"post-10857","1":"post","2":"type-post","3":"status-publish","4":"format-standard","5":"has-post-thumbnail","6":"hentry","7":"category-noticiasmuseo","9":"post-with-thumbnail","10":"post-with-thumbnail-large"},"yoast_head":"<!-- This site is optimized with the Yoast SEO plugin v27.5 - https:\/\/yoast.com\/product\/yoast-seo-wordpress\/ -->\n<title>(Espa\u00f1ol) El museo logra rescatar una obra in\u00e9dita de Moebius - Web del Museo de Inform\u00e1tica 2.0<\/title>\n<meta name=\"robots\" content=\"index, follow, max-snippet:-1, max-image-preview:large, max-video-preview:-1\" \/>\n<link rel=\"canonical\" href=\"https:\/\/museo.inf.upv.es\/blog\/2023\/03\/01\/el-museo-logra-rescatar-una-obra-inedita-de-moebius\/\" \/>\n<meta property=\"og:locale\" content=\"en_US\" \/>\n<meta property=\"og:type\" content=\"article\" \/>\n<meta property=\"og:title\" content=\"(Espa\u00f1ol) El museo logra rescatar una obra in\u00e9dita de Moebius - Web del Museo de Inform\u00e1tica 2.0\" \/>\n<meta property=\"og:description\" content=\"Ho sentim, aquesta entrada nom\u00e9s es troba disponible en Espa\u00f1ol.\" \/>\n<meta property=\"og:url\" content=\"https:\/\/museo.inf.upv.es\/blog\/2023\/03\/01\/el-museo-logra-rescatar-una-obra-inedita-de-moebius\/\" \/>\n<meta property=\"og:site_name\" content=\"Web del Museo de Inform\u00e1tica 2.0\" \/>\n<meta property=\"article:published_time\" content=\"2023-03-01T09:56:38+00:00\" \/>\n<meta property=\"article:modified_time\" content=\"2023-03-06T19:46:28+00:00\" \/>\n<meta property=\"og:image\" content=\"https:\/\/museo.inf.upv.es\/wp-content\/uploads\/2023\/03\/int_moebius2-e1677664453256.jpg\" \/>\n\t<meta property=\"og:image:width\" content=\"404\" \/>\n\t<meta property=\"og:image:height\" content=\"257\" \/>\n\t<meta property=\"og:image:type\" content=\"image\/jpeg\" \/>\n<meta name=\"author\" content=\"Fernando\" \/>\n<meta name=\"twitter:card\" content=\"summary_large_image\" \/>\n<meta name=\"twitter:label1\" content=\"Written by\" \/>\n\t<meta name=\"twitter:data1\" content=\"Fernando\" \/>\n\t<meta name=\"twitter:label2\" content=\"Est. reading time\" \/>\n\t<meta name=\"twitter:data2\" content=\"2 minutes\" \/>\n<script type=\"application\/ld+json\" class=\"yoast-schema-graph\">{\"@context\":\"https:\\\/\\\/schema.org\",\"@graph\":[{\"@type\":\"Article\",\"@id\":\"https:\\\/\\\/museo.inf.upv.es\\\/blog\\\/2023\\\/03\\\/01\\\/el-museo-logra-rescatar-una-obra-inedita-de-moebius\\\/#article\",\"isPartOf\":{\"@id\":\"https:\\\/\\\/museo.inf.upv.es\\\/blog\\\/2023\\\/03\\\/01\\\/el-museo-logra-rescatar-una-obra-inedita-de-moebius\\\/\"},\"author\":{\"name\":\"Fernando\",\"@id\":\"https:\\\/\\\/museo.inf.upv.es\\\/#\\\/schema\\\/person\\\/187843ce2054d1d2490d4ba03bba99ce\"},\"headline\":\"(Espa\u00f1ol) El museo logra rescatar una obra in\u00e9dita de Moebius\",\"datePublished\":\"2023-03-01T09:56:38+00:00\",\"dateModified\":\"2023-03-06T19:46:28+00:00\",\"mainEntityOfPage\":{\"@id\":\"https:\\\/\\\/museo.inf.upv.es\\\/blog\\\/2023\\\/03\\\/01\\\/el-museo-logra-rescatar-una-obra-inedita-de-moebius\\\/\"},\"wordCount\":424,\"image\":{\"@id\":\"https:\\\/\\\/museo.inf.upv.es\\\/blog\\\/2023\\\/03\\\/01\\\/el-museo-logra-rescatar-una-obra-inedita-de-moebius\\\/#primaryimage\"},\"thumbnailUrl\":\"https:\\\/\\\/museo.inf.upv.es\\\/wp-content\\\/uploads\\\/2023\\\/03\\\/int_moebius2-e1677664453256.jpg\",\"articleSection\":[\"Not\u00edcies del Museu\"],\"inLanguage\":\"va-VA\"},{\"@type\":\"WebPage\",\"@id\":\"https:\\\/\\\/museo.inf.upv.es\\\/blog\\\/2023\\\/03\\\/01\\\/el-museo-logra-rescatar-una-obra-inedita-de-moebius\\\/\",\"url\":\"https:\\\/\\\/museo.inf.upv.es\\\/blog\\\/2023\\\/03\\\/01\\\/el-museo-logra-rescatar-una-obra-inedita-de-moebius\\\/\",\"name\":\"(Espa\u00f1ol) El museo logra rescatar una obra in\u00e9dita de Moebius - Web del Museo de Inform\u00e1tica 2.0\",\"isPartOf\":{\"@id\":\"https:\\\/\\\/museo.inf.upv.es\\\/#website\"},\"primaryImageOfPage\":{\"@id\":\"https:\\\/\\\/museo.inf.upv.es\\\/blog\\\/2023\\\/03\\\/01\\\/el-museo-logra-rescatar-una-obra-inedita-de-moebius\\\/#primaryimage\"},\"image\":{\"@id\":\"https:\\\/\\\/museo.inf.upv.es\\\/blog\\\/2023\\\/03\\\/01\\\/el-museo-logra-rescatar-una-obra-inedita-de-moebius\\\/#primaryimage\"},\"thumbnailUrl\":\"https:\\\/\\\/museo.inf.upv.es\\\/wp-content\\\/uploads\\\/2023\\\/03\\\/int_moebius2-e1677664453256.jpg\",\"datePublished\":\"2023-03-01T09:56:38+00:00\",\"dateModified\":\"2023-03-06T19:46:28+00:00\",\"author\":{\"@id\":\"https:\\\/\\\/museo.inf.upv.es\\\/#\\\/schema\\\/person\\\/187843ce2054d1d2490d4ba03bba99ce\"},\"breadcrumb\":{\"@id\":\"https:\\\/\\\/museo.inf.upv.es\\\/blog\\\/2023\\\/03\\\/01\\\/el-museo-logra-rescatar-una-obra-inedita-de-moebius\\\/#breadcrumb\"},\"inLanguage\":\"va-VA\",\"potentialAction\":[{\"@type\":\"ReadAction\",\"target\":[\"https:\\\/\\\/museo.inf.upv.es\\\/blog\\\/2023\\\/03\\\/01\\\/el-museo-logra-rescatar-una-obra-inedita-de-moebius\\\/\"]}]},{\"@type\":\"ImageObject\",\"inLanguage\":\"va-VA\",\"@id\":\"https:\\\/\\\/museo.inf.upv.es\\\/blog\\\/2023\\\/03\\\/01\\\/el-museo-logra-rescatar-una-obra-inedita-de-moebius\\\/#primaryimage\",\"url\":\"https:\\\/\\\/museo.inf.upv.es\\\/wp-content\\\/uploads\\\/2023\\\/03\\\/int_moebius2-e1677664453256.jpg\",\"contentUrl\":\"https:\\\/\\\/museo.inf.upv.es\\\/wp-content\\\/uploads\\\/2023\\\/03\\\/int_moebius2-e1677664453256.jpg\",\"width\":404,\"height\":257},{\"@type\":\"BreadcrumbList\",\"@id\":\"https:\\\/\\\/museo.inf.upv.es\\\/blog\\\/2023\\\/03\\\/01\\\/el-museo-logra-rescatar-una-obra-inedita-de-moebius\\\/#breadcrumb\",\"itemListElement\":[{\"@type\":\"ListItem\",\"position\":1,\"name\":\"Portada\",\"item\":\"https:\\\/\\\/museo.inf.upv.es\\\/\"},{\"@type\":\"ListItem\",\"position\":2,\"name\":\"[:es]El museo logra rescatar una obra in\u00e9dita de Moebius[:]\"}]},{\"@type\":\"WebSite\",\"@id\":\"https:\\\/\\\/museo.inf.upv.es\\\/#website\",\"url\":\"https:\\\/\\\/museo.inf.upv.es\\\/\",\"name\":\"Web del Museo de Inform\u00e1tica 2.0\",\"description\":\"Web del Museo de Inform\u00e1tica 2.0\",\"potentialAction\":[{\"@type\":\"SearchAction\",\"target\":{\"@type\":\"EntryPoint\",\"urlTemplate\":\"https:\\\/\\\/museo.inf.upv.es\\\/?s={search_term_string}\"},\"query-input\":{\"@type\":\"PropertyValueSpecification\",\"valueRequired\":true,\"valueName\":\"search_term_string\"}}],\"inLanguage\":\"va-VA\"},{\"@type\":\"Person\",\"@id\":\"https:\\\/\\\/museo.inf.upv.es\\\/#\\\/schema\\\/person\\\/187843ce2054d1d2490d4ba03bba99ce\",\"name\":\"Fernando\",\"image\":{\"@type\":\"ImageObject\",\"inLanguage\":\"va-VA\",\"@id\":\"https:\\\/\\\/secure.gravatar.com\\\/avatar\\\/f861d0dc2a2cd6fc6c7b2e4b76fb48705f8d41e834dd31bd1cca957e1b43e8e3?s=96&d=mm&r=g\",\"url\":\"https:\\\/\\\/secure.gravatar.com\\\/avatar\\\/f861d0dc2a2cd6fc6c7b2e4b76fb48705f8d41e834dd31bd1cca957e1b43e8e3?s=96&d=mm&r=g\",\"contentUrl\":\"https:\\\/\\\/secure.gravatar.com\\\/avatar\\\/f861d0dc2a2cd6fc6c7b2e4b76fb48705f8d41e834dd31bd1cca957e1b43e8e3?s=96&d=mm&r=g\",\"caption\":\"Fernando\"},\"url\":\"https:\\\/\\\/museo.inf.upv.es\\\/va\\\/blog\\\/author\\\/comunicaciomuseu\\\/\"}]}<\/script>\n<!-- \/ Yoast SEO plugin. -->","yoast_head_json":{"title":"(Espa\u00f1ol) El museo logra rescatar una obra in\u00e9dita de Moebius - Web del Museo de Inform\u00e1tica 2.0","robots":{"index":"index","follow":"follow","max-snippet":"max-snippet:-1","max-image-preview":"max-image-preview:large","max-video-preview":"max-video-preview:-1"},"canonical":"https:\/\/museo.inf.upv.es\/blog\/2023\/03\/01\/el-museo-logra-rescatar-una-obra-inedita-de-moebius\/","og_locale":"en_US","og_type":"article","og_title":"(Espa\u00f1ol) El museo logra rescatar una obra in\u00e9dita de Moebius - Web del Museo de Inform\u00e1tica 2.0","og_description":"Ho sentim, aquesta entrada nom\u00e9s es troba disponible en Espa\u00f1ol.","og_url":"https:\/\/museo.inf.upv.es\/blog\/2023\/03\/01\/el-museo-logra-rescatar-una-obra-inedita-de-moebius\/","og_site_name":"Web del Museo de Inform\u00e1tica 2.0","article_published_time":"2023-03-01T09:56:38+00:00","article_modified_time":"2023-03-06T19:46:28+00:00","og_image":[{"width":404,"height":257,"url":"https:\/\/museo.inf.upv.es\/wp-content\/uploads\/2023\/03\/int_moebius2-e1677664453256.jpg","type":"image\/jpeg"}],"author":"Fernando","twitter_card":"summary_large_image","twitter_misc":{"Written by":"Fernando","Est. reading time":"2 minutes"},"schema":{"@context":"https:\/\/schema.org","@graph":[{"@type":"Article","@id":"https:\/\/museo.inf.upv.es\/blog\/2023\/03\/01\/el-museo-logra-rescatar-una-obra-inedita-de-moebius\/#article","isPartOf":{"@id":"https:\/\/museo.inf.upv.es\/blog\/2023\/03\/01\/el-museo-logra-rescatar-una-obra-inedita-de-moebius\/"},"author":{"name":"Fernando","@id":"https:\/\/museo.inf.upv.es\/#\/schema\/person\/187843ce2054d1d2490d4ba03bba99ce"},"headline":"(Espa\u00f1ol) El museo logra rescatar una obra in\u00e9dita de Moebius","datePublished":"2023-03-01T09:56:38+00:00","dateModified":"2023-03-06T19:46:28+00:00","mainEntityOfPage":{"@id":"https:\/\/museo.inf.upv.es\/blog\/2023\/03\/01\/el-museo-logra-rescatar-una-obra-inedita-de-moebius\/"},"wordCount":424,"image":{"@id":"https:\/\/museo.inf.upv.es\/blog\/2023\/03\/01\/el-museo-logra-rescatar-una-obra-inedita-de-moebius\/#primaryimage"},"thumbnailUrl":"https:\/\/museo.inf.upv.es\/wp-content\/uploads\/2023\/03\/int_moebius2-e1677664453256.jpg","articleSection":["Not\u00edcies del Museu"],"inLanguage":"va-VA"},{"@type":"WebPage","@id":"https:\/\/museo.inf.upv.es\/blog\/2023\/03\/01\/el-museo-logra-rescatar-una-obra-inedita-de-moebius\/","url":"https:\/\/museo.inf.upv.es\/blog\/2023\/03\/01\/el-museo-logra-rescatar-una-obra-inedita-de-moebius\/","name":"(Espa\u00f1ol) El museo logra rescatar una obra in\u00e9dita de Moebius - Web del Museo de Inform\u00e1tica 2.0","isPartOf":{"@id":"https:\/\/museo.inf.upv.es\/#website"},"primaryImageOfPage":{"@id":"https:\/\/museo.inf.upv.es\/blog\/2023\/03\/01\/el-museo-logra-rescatar-una-obra-inedita-de-moebius\/#primaryimage"},"image":{"@id":"https:\/\/museo.inf.upv.es\/blog\/2023\/03\/01\/el-museo-logra-rescatar-una-obra-inedita-de-moebius\/#primaryimage"},"thumbnailUrl":"https:\/\/museo.inf.upv.es\/wp-content\/uploads\/2023\/03\/int_moebius2-e1677664453256.jpg","datePublished":"2023-03-01T09:56:38+00:00","dateModified":"2023-03-06T19:46:28+00:00","author":{"@id":"https:\/\/museo.inf.upv.es\/#\/schema\/person\/187843ce2054d1d2490d4ba03bba99ce"},"breadcrumb":{"@id":"https:\/\/museo.inf.upv.es\/blog\/2023\/03\/01\/el-museo-logra-rescatar-una-obra-inedita-de-moebius\/#breadcrumb"},"inLanguage":"va-VA","potentialAction":[{"@type":"ReadAction","target":["https:\/\/museo.inf.upv.es\/blog\/2023\/03\/01\/el-museo-logra-rescatar-una-obra-inedita-de-moebius\/"]}]},{"@type":"ImageObject","inLanguage":"va-VA","@id":"https:\/\/museo.inf.upv.es\/blog\/2023\/03\/01\/el-museo-logra-rescatar-una-obra-inedita-de-moebius\/#primaryimage","url":"https:\/\/museo.inf.upv.es\/wp-content\/uploads\/2023\/03\/int_moebius2-e1677664453256.jpg","contentUrl":"https:\/\/museo.inf.upv.es\/wp-content\/uploads\/2023\/03\/int_moebius2-e1677664453256.jpg","width":404,"height":257},{"@type":"BreadcrumbList","@id":"https:\/\/museo.inf.upv.es\/blog\/2023\/03\/01\/el-museo-logra-rescatar-una-obra-inedita-de-moebius\/#breadcrumb","itemListElement":[{"@type":"ListItem","position":1,"name":"Portada","item":"https:\/\/museo.inf.upv.es\/"},{"@type":"ListItem","position":2,"name":"[:es]El museo logra rescatar una obra in\u00e9dita de Moebius[:]"}]},{"@type":"WebSite","@id":"https:\/\/museo.inf.upv.es\/#website","url":"https:\/\/museo.inf.upv.es\/","name":"Web del Museo de Inform\u00e1tica 2.0","description":"Web del Museo de Inform\u00e1tica 2.0","potentialAction":[{"@type":"SearchAction","target":{"@type":"EntryPoint","urlTemplate":"https:\/\/museo.inf.upv.es\/?s={search_term_string}"},"query-input":{"@type":"PropertyValueSpecification","valueRequired":true,"valueName":"search_term_string"}}],"inLanguage":"va-VA"},{"@type":"Person","@id":"https:\/\/museo.inf.upv.es\/#\/schema\/person\/187843ce2054d1d2490d4ba03bba99ce","name":"Fernando","image":{"@type":"ImageObject","inLanguage":"va-VA","@id":"https:\/\/secure.gravatar.com\/avatar\/f861d0dc2a2cd6fc6c7b2e4b76fb48705f8d41e834dd31bd1cca957e1b43e8e3?s=96&d=mm&r=g","url":"https:\/\/secure.gravatar.com\/avatar\/f861d0dc2a2cd6fc6c7b2e4b76fb48705f8d41e834dd31bd1cca957e1b43e8e3?s=96&d=mm&r=g","contentUrl":"https:\/\/secure.gravatar.com\/avatar\/f861d0dc2a2cd6fc6c7b2e4b76fb48705f8d41e834dd31bd1cca957e1b43e8e3?s=96&d=mm&r=g","caption":"Fernando"},"url":"https:\/\/museo.inf.upv.es\/va\/blog\/author\/comunicaciomuseu\/"}]}},"_links":{"self":[{"href":"https:\/\/museo.inf.upv.es\/va\/wp-json\/wp\/v2\/posts\/10857","targetHints":{"allow":["GET"]}}],"collection":[{"href":"https:\/\/museo.inf.upv.es\/va\/wp-json\/wp\/v2\/posts"}],"about":[{"href":"https:\/\/museo.inf.upv.es\/va\/wp-json\/wp\/v2\/types\/post"}],"author":[{"embeddable":true,"href":"https:\/\/museo.inf.upv.es\/va\/wp-json\/wp\/v2\/users\/2"}],"replies":[{"embeddable":true,"href":"https:\/\/museo.inf.upv.es\/va\/wp-json\/wp\/v2\/comments?post=10857"}],"version-history":[{"count":9,"href":"https:\/\/museo.inf.upv.es\/va\/wp-json\/wp\/v2\/posts\/10857\/revisions"}],"predecessor-version":[{"id":10870,"href":"https:\/\/museo.inf.upv.es\/va\/wp-json\/wp\/v2\/posts\/10857\/revisions\/10870"}],"wp:featuredmedia":[{"embeddable":true,"href":"https:\/\/museo.inf.upv.es\/va\/wp-json\/wp\/v2\/media\/10861"}],"wp:attachment":[{"href":"https:\/\/museo.inf.upv.es\/va\/wp-json\/wp\/v2\/media?parent=10857"}],"wp:term":[{"taxonomy":"category","embeddable":true,"href":"https:\/\/museo.inf.upv.es\/va\/wp-json\/wp\/v2\/categories?post=10857"},{"taxonomy":"post_tag","embeddable":true,"href":"https:\/\/museo.inf.upv.es\/va\/wp-json\/wp\/v2\/tags?post=10857"}],"curies":[{"name":"wp","href":"https:\/\/api.w.org\/{rel}","templated":true}]}}