{"id":7649,"date":"2014-02-08T21:30:46","date_gmt":"2014-02-08T21:30:46","guid":{"rendered":"http:\/\/museo.inf.upv.es\/?p=1015"},"modified":"2014-02-08T21:30:46","modified_gmt":"2014-02-08T21:30:46","slug":"ciclo-de-cine-piratas-de-silicon-valley","status":"publish","type":"post","link":"https:\/\/museo.inf.upv.es\/va\/blog\/2014\/02\/08\/ciclo-de-cine-piratas-de-silicon-valley\/","title":{"rendered":"Cicle de Cinema &#8211; Pirates de Silicon Valley"},"content":{"rendered":"<p><a href=\"http:\/\/tvinf.webs.upv.es\/wp-content\/uploads\/2014\/01\/portadapirata.jpg\"><img loading=\"lazy\" decoding=\"async\" src=\"http:\/\/tvinf.webs.upv.es\/wp-content\/uploads\/2014\/01\/portadapirata-698x1024.jpg\" alt=\"portadapirata\" width=\"489\" height=\"717\" \/><\/a><\/p>\n<p>El <a href=\"https:\/\/museoinf.webs.upv.es\/va\/\" target=\"_blank\" rel=\"noopener\">Museu d&#8217;Inform\u00e0tica<\/a> de l&#8217;<a href=\"http:\/\/www.upv.es\/entidades\/ETSINF\/\" target=\"_blank\" rel=\"noopener\">Escola T\u00e8cnica Superior d&#8217;Enginyeria Inform\u00e0tica de la UPV (ETSINF)<\/a> inaugura les projeccions del\u00a0<strong>Cicle de Cinema \u201cUn Museu de cine\u201d,\u00a0<\/strong>iniciat\u00a0el 2013, amb la projecci\u00f3 del llargmetratge <strong><em>Pirates de Silicon Valley<\/em><\/strong>\u00a0<strong>el 12 de febrer, al Sal\u00f3 d&#8217;Actes de l&#8217;Escola d&#8217;Informatica, a les 16.30 h. <\/strong>El Cicle de Cinema s&#8217;ha organitzat com una nova proposta per aprofundir, de manera l\u00fadica, en l&#8217;evoluci\u00f3 de la inform\u00e0tica. Des del seu inici, &#8220;Un Museu de cinema&#8221; ha programat llargmetratges ambientats en la d\u00e8cada dels 50, els 60, els 70 i els 80, que recullen part de la hist\u00f2ria recent de la inform\u00e0tica. L&#8217;objectiu \u00e9s presentar una activitat que aprope a tot tipus de p\u00fablic les diferents facetes de la Inform\u00e0tica d&#8217;una forma amena, a trav\u00e9s del llenguatge cinematogr\u00e0fic. Cada sessi\u00f3 consta de la presentaci\u00f3 de la pel\u00b7l\u00edcula i la seua relaci\u00f3 amb la Inform\u00e0tica, la projecci\u00f3 d&#8217;aquesta\u00a0i una posada en com\u00fa, una vegada finalitzada. En les pel\u00b7l\u00edcules pendents d&#8217;emetre s&#8217;analitzaran els or\u00edgens de les empreses Apple i Microsoft i el desenvolupament del programari lliure. Ja han estat projectades <i>Tel\u00e8fon Roig<\/i>\u00a0i<i>\u00a0Un cervell d&#8217;un bili\u00f3 de<\/i>\u00a0<em>d\u00f2lars<\/em>, i\u00a0queden per emetre<i> <strong>Pirates de Silicon Valley, <\/strong><\/i><strong>el 12 de febrer<\/strong><strong>, i<\/strong><strong><i> Revolution<\/i> <em>OS<\/em>, el 12 de mar\u00e7. <\/strong> Si entre els teus passions sumes cinema i inform\u00e0tica, acudeix a aquesta singular mostra a l&#8217;ETSINF.<\/p>\n<p>Cicle de Cinema i <span style=\"line-height: 1.5em;\"> inform\u00e0tica: Un Museu de Cine<\/span><\/p>\n<p><strong> Lloc:<\/strong> Edifici 1E ETSINF<\/p>\n<p><strong>Data:\u00a0<\/strong>12 de febrer<\/p>\n<p><strong> Horari:\u00a0<\/strong>16.30 h<\/p>\n<p><strong>Enlla\u00e7 cartell del cicle<\/strong>: <a href=\"http:\/\/goo.gl\/kjQ3qU\" target=\"_blank\" rel=\"noopener\">http:\/\/goo.gl\/kjQ3qU<\/a><\/p>\n<p><strong>M\u00e9s informaci\u00f3<\/strong>: <a href=\"https:\/\/museoinf.webs.upv.es\/va\/\" target=\"_blank\" rel=\"noopener\">https:\/\/museoinf.webs.upv.es\/<\/a><\/p>","protected":false},"excerpt":{"rendered":"<p>El Museu d&#8217;Inform\u00e0tica de l&#8217;Escola T\u00e8cnica Superior d&#8217;Enginyeria Inform\u00e0tica de la UPV (ETSINF) inaugura les projeccions del\u00a0Cicle de Cinema \u201cUn Museu de cine\u201d,\u00a0iniciat\u00a0el 2013, amb la projecci\u00f3 del llargmetratge Pirates de Silicon Valley\u00a0el 12 de febrer, al Sal\u00f3 d&#8217;Actes de l&#8217;Escola d&#8217;Informatica, a les 16.30 h. El Cicle de Cinema s&#8217;ha organitzat com una nova [&hellip;]<\/p>\n","protected":false},"author":2,"featured_media":7650,"comment_status":"closed","ping_status":"closed","sticky":false,"template":"","format":"standard","meta":{"_monsterinsights_skip_tracking":false,"_monsterinsights_sitenote_active":false,"_monsterinsights_sitenote_note":"","_monsterinsights_sitenote_category":0,"footnotes":""},"categories":[43],"tags":[],"class_list":{"0":"post-7649","1":"post","2":"type-post","3":"status-publish","4":"format-standard","5":"has-post-thumbnail","6":"hentry","7":"category-noticias","9":"post-with-thumbnail","10":"post-with-thumbnail-large"},"yoast_head":"<!-- This site is optimized with the Yoast SEO plugin v27.5 - https:\/\/yoast.com\/product\/yoast-seo-wordpress\/ -->\n<title>Cicle de Cinema - Pirates de Silicon Valley - Web del Museo de Inform\u00e1tica 2.0<\/title>\n<meta name=\"robots\" content=\"index, follow, max-snippet:-1, max-image-preview:large, max-video-preview:-1\" \/>\n<link rel=\"canonical\" href=\"https:\/\/museo.inf.upv.es\/va\/blog\/2014\/02\/08\/ciclo-de-cine-piratas-de-silicon-valley\/\" \/>\n<meta property=\"og:locale\" content=\"en_US\" \/>\n<meta property=\"og:type\" content=\"article\" \/>\n<meta property=\"og:title\" content=\"Cicle de Cinema - Pirates de Silicon Valley - Web del Museo de Inform\u00e1tica 2.0\" \/>\n<meta property=\"og:description\" content=\"El Museu d&#8217;Inform\u00e0tica de l&#8217;Escola T\u00e8cnica Superior d&#8217;Enginyeria Inform\u00e0tica de la UPV (ETSINF) inaugura les projeccions del\u00a0Cicle de Cinema \u201cUn Museu de cine\u201d,\u00a0iniciat\u00a0el 2013, amb la projecci\u00f3 del llargmetratge Pirates de Silicon Valley\u00a0el 12 de febrer, al Sal\u00f3 d&#8217;Actes de l&#8217;Escola d&#8217;Informatica, a les 16.30 h. El Cicle de Cinema s&#8217;ha organitzat com una nova [&hellip;]\" \/>\n<meta property=\"og:url\" content=\"https:\/\/museo.inf.upv.es\/va\/blog\/2014\/02\/08\/ciclo-de-cine-piratas-de-silicon-valley\/\" \/>\n<meta property=\"og:site_name\" content=\"Web del Museo de Inform\u00e1tica 2.0\" \/>\n<meta property=\"article:published_time\" content=\"2014-02-08T21:30:46+00:00\" \/>\n<meta property=\"og:image\" content=\"https:\/\/museo.inf.upv.es\/wp-content\/uploads\/2014\/02\/portadapirata-e1392139527535.jpg\" \/>\n\t<meta property=\"og:image:width\" content=\"324\" \/>\n\t<meta property=\"og:image:height\" content=\"475\" \/>\n\t<meta property=\"og:image:type\" content=\"image\/jpeg\" \/>\n<meta name=\"author\" content=\"Fernando\" \/>\n<meta name=\"twitter:card\" content=\"summary_large_image\" \/>\n<meta name=\"twitter:label1\" content=\"Written by\" \/>\n\t<meta name=\"twitter:data1\" content=\"Fernando\" \/>\n\t<meta name=\"twitter:label2\" content=\"Est. reading time\" \/>\n\t<meta name=\"twitter:data2\" content=\"6 minutes\" \/>\n<script type=\"application\/ld+json\" class=\"yoast-schema-graph\">{\"@context\":\"https:\\\/\\\/schema.org\",\"@graph\":[{\"@type\":\"Article\",\"@id\":\"https:\\\/\\\/museo.inf.upv.es\\\/va\\\/blog\\\/2014\\\/02\\\/08\\\/ciclo-de-cine-piratas-de-silicon-valley\\\/#article\",\"isPartOf\":{\"@id\":\"https:\\\/\\\/museo.inf.upv.es\\\/va\\\/blog\\\/2014\\\/02\\\/08\\\/ciclo-de-cine-piratas-de-silicon-valley\\\/\"},\"author\":{\"name\":\"Fernando\",\"@id\":\"https:\\\/\\\/museo.inf.upv.es\\\/#\\\/schema\\\/person\\\/187843ce2054d1d2490d4ba03bba99ce\"},\"headline\":\"Cicle de Cinema &#8211; Pirates de Silicon Valley\",\"datePublished\":\"2014-02-08T21:30:46+00:00\",\"mainEntityOfPage\":{\"@id\":\"https:\\\/\\\/museo.inf.upv.es\\\/va\\\/blog\\\/2014\\\/02\\\/08\\\/ciclo-de-cine-piratas-de-silicon-valley\\\/\"},\"wordCount\":1188,\"image\":{\"@id\":\"https:\\\/\\\/museo.inf.upv.es\\\/va\\\/blog\\\/2014\\\/02\\\/08\\\/ciclo-de-cine-piratas-de-silicon-valley\\\/#primaryimage\"},\"thumbnailUrl\":\"https:\\\/\\\/museo.inf.upv.es\\\/wp-content\\\/uploads\\\/2014\\\/02\\\/portadapirata-e1392139527535.jpg\",\"articleSection\":[\"Not\u00edcies\"],\"inLanguage\":\"va-VA\"},{\"@type\":\"WebPage\",\"@id\":\"https:\\\/\\\/museo.inf.upv.es\\\/va\\\/blog\\\/2014\\\/02\\\/08\\\/ciclo-de-cine-piratas-de-silicon-valley\\\/\",\"url\":\"https:\\\/\\\/museo.inf.upv.es\\\/va\\\/blog\\\/2014\\\/02\\\/08\\\/ciclo-de-cine-piratas-de-silicon-valley\\\/\",\"name\":\"Cicle de Cinema - Pirates de Silicon Valley - Web del Museo de Inform\u00e1tica 2.0\",\"isPartOf\":{\"@id\":\"https:\\\/\\\/museo.inf.upv.es\\\/#website\"},\"primaryImageOfPage\":{\"@id\":\"https:\\\/\\\/museo.inf.upv.es\\\/va\\\/blog\\\/2014\\\/02\\\/08\\\/ciclo-de-cine-piratas-de-silicon-valley\\\/#primaryimage\"},\"image\":{\"@id\":\"https:\\\/\\\/museo.inf.upv.es\\\/va\\\/blog\\\/2014\\\/02\\\/08\\\/ciclo-de-cine-piratas-de-silicon-valley\\\/#primaryimage\"},\"thumbnailUrl\":\"https:\\\/\\\/museo.inf.upv.es\\\/wp-content\\\/uploads\\\/2014\\\/02\\\/portadapirata-e1392139527535.jpg\",\"datePublished\":\"2014-02-08T21:30:46+00:00\",\"author\":{\"@id\":\"https:\\\/\\\/museo.inf.upv.es\\\/#\\\/schema\\\/person\\\/187843ce2054d1d2490d4ba03bba99ce\"},\"breadcrumb\":{\"@id\":\"https:\\\/\\\/museo.inf.upv.es\\\/va\\\/blog\\\/2014\\\/02\\\/08\\\/ciclo-de-cine-piratas-de-silicon-valley\\\/#breadcrumb\"},\"inLanguage\":\"va-VA\",\"potentialAction\":[{\"@type\":\"ReadAction\",\"target\":[\"https:\\\/\\\/museo.inf.upv.es\\\/va\\\/blog\\\/2014\\\/02\\\/08\\\/ciclo-de-cine-piratas-de-silicon-valley\\\/\"]}]},{\"@type\":\"ImageObject\",\"inLanguage\":\"va-VA\",\"@id\":\"https:\\\/\\\/museo.inf.upv.es\\\/va\\\/blog\\\/2014\\\/02\\\/08\\\/ciclo-de-cine-piratas-de-silicon-valley\\\/#primaryimage\",\"url\":\"https:\\\/\\\/museo.inf.upv.es\\\/wp-content\\\/uploads\\\/2014\\\/02\\\/portadapirata-e1392139527535.jpg\",\"contentUrl\":\"https:\\\/\\\/museo.inf.upv.es\\\/wp-content\\\/uploads\\\/2014\\\/02\\\/portadapirata-e1392139527535.jpg\",\"width\":324,\"height\":475},{\"@type\":\"BreadcrumbList\",\"@id\":\"https:\\\/\\\/museo.inf.upv.es\\\/va\\\/blog\\\/2014\\\/02\\\/08\\\/ciclo-de-cine-piratas-de-silicon-valley\\\/#breadcrumb\",\"itemListElement\":[{\"@type\":\"ListItem\",\"position\":1,\"name\":\"Portada\",\"item\":\"https:\\\/\\\/museo.inf.upv.es\\\/\"},{\"@type\":\"ListItem\",\"position\":2,\"name\":\"Cicle de Cinema &#8211; Pirates de Silicon Valley\"}]},{\"@type\":\"WebSite\",\"@id\":\"https:\\\/\\\/museo.inf.upv.es\\\/#website\",\"url\":\"https:\\\/\\\/museo.inf.upv.es\\\/\",\"name\":\"Web del Museo de Inform\u00e1tica 2.0\",\"description\":\"Web del Museo de Inform\u00e1tica 2.0\",\"potentialAction\":[{\"@type\":\"SearchAction\",\"target\":{\"@type\":\"EntryPoint\",\"urlTemplate\":\"https:\\\/\\\/museo.inf.upv.es\\\/?s={search_term_string}\"},\"query-input\":{\"@type\":\"PropertyValueSpecification\",\"valueRequired\":true,\"valueName\":\"search_term_string\"}}],\"inLanguage\":\"va-VA\"},{\"@type\":\"Person\",\"@id\":\"https:\\\/\\\/museo.inf.upv.es\\\/#\\\/schema\\\/person\\\/187843ce2054d1d2490d4ba03bba99ce\",\"name\":\"Fernando\",\"image\":{\"@type\":\"ImageObject\",\"inLanguage\":\"va-VA\",\"@id\":\"https:\\\/\\\/secure.gravatar.com\\\/avatar\\\/f861d0dc2a2cd6fc6c7b2e4b76fb48705f8d41e834dd31bd1cca957e1b43e8e3?s=96&d=mm&r=g\",\"url\":\"https:\\\/\\\/secure.gravatar.com\\\/avatar\\\/f861d0dc2a2cd6fc6c7b2e4b76fb48705f8d41e834dd31bd1cca957e1b43e8e3?s=96&d=mm&r=g\",\"contentUrl\":\"https:\\\/\\\/secure.gravatar.com\\\/avatar\\\/f861d0dc2a2cd6fc6c7b2e4b76fb48705f8d41e834dd31bd1cca957e1b43e8e3?s=96&d=mm&r=g\",\"caption\":\"Fernando\"},\"url\":\"https:\\\/\\\/museo.inf.upv.es\\\/va\\\/blog\\\/author\\\/comunicaciomuseu\\\/\"}]}<\/script>\n<!-- \/ Yoast SEO plugin. -->","yoast_head_json":{"title":"Cicle de Cinema - Pirates de Silicon Valley - Web del Museo de Inform\u00e1tica 2.0","robots":{"index":"index","follow":"follow","max-snippet":"max-snippet:-1","max-image-preview":"max-image-preview:large","max-video-preview":"max-video-preview:-1"},"canonical":"https:\/\/museo.inf.upv.es\/va\/blog\/2014\/02\/08\/ciclo-de-cine-piratas-de-silicon-valley\/","og_locale":"en_US","og_type":"article","og_title":"Cicle de Cinema - Pirates de Silicon Valley - Web del Museo de Inform\u00e1tica 2.0","og_description":"El Museu d&#8217;Inform\u00e0tica de l&#8217;Escola T\u00e8cnica Superior d&#8217;Enginyeria Inform\u00e0tica de la UPV (ETSINF) inaugura les projeccions del\u00a0Cicle de Cinema \u201cUn Museu de cine\u201d,\u00a0iniciat\u00a0el 2013, amb la projecci\u00f3 del llargmetratge Pirates de Silicon Valley\u00a0el 12 de febrer, al Sal\u00f3 d&#8217;Actes de l&#8217;Escola d&#8217;Informatica, a les 16.30 h. El Cicle de Cinema s&#8217;ha organitzat com una nova [&hellip;]","og_url":"https:\/\/museo.inf.upv.es\/va\/blog\/2014\/02\/08\/ciclo-de-cine-piratas-de-silicon-valley\/","og_site_name":"Web del Museo de Inform\u00e1tica 2.0","article_published_time":"2014-02-08T21:30:46+00:00","og_image":[{"width":324,"height":475,"url":"https:\/\/museo.inf.upv.es\/wp-content\/uploads\/2014\/02\/portadapirata-e1392139527535.jpg","type":"image\/jpeg"}],"author":"Fernando","twitter_card":"summary_large_image","twitter_misc":{"Written by":"Fernando","Est. reading time":"6 minutes"},"schema":{"@context":"https:\/\/schema.org","@graph":[{"@type":"Article","@id":"https:\/\/museo.inf.upv.es\/va\/blog\/2014\/02\/08\/ciclo-de-cine-piratas-de-silicon-valley\/#article","isPartOf":{"@id":"https:\/\/museo.inf.upv.es\/va\/blog\/2014\/02\/08\/ciclo-de-cine-piratas-de-silicon-valley\/"},"author":{"name":"Fernando","@id":"https:\/\/museo.inf.upv.es\/#\/schema\/person\/187843ce2054d1d2490d4ba03bba99ce"},"headline":"Cicle de Cinema &#8211; Pirates de Silicon Valley","datePublished":"2014-02-08T21:30:46+00:00","mainEntityOfPage":{"@id":"https:\/\/museo.inf.upv.es\/va\/blog\/2014\/02\/08\/ciclo-de-cine-piratas-de-silicon-valley\/"},"wordCount":1188,"image":{"@id":"https:\/\/museo.inf.upv.es\/va\/blog\/2014\/02\/08\/ciclo-de-cine-piratas-de-silicon-valley\/#primaryimage"},"thumbnailUrl":"https:\/\/museo.inf.upv.es\/wp-content\/uploads\/2014\/02\/portadapirata-e1392139527535.jpg","articleSection":["Not\u00edcies"],"inLanguage":"va-VA"},{"@type":"WebPage","@id":"https:\/\/museo.inf.upv.es\/va\/blog\/2014\/02\/08\/ciclo-de-cine-piratas-de-silicon-valley\/","url":"https:\/\/museo.inf.upv.es\/va\/blog\/2014\/02\/08\/ciclo-de-cine-piratas-de-silicon-valley\/","name":"Cicle de Cinema - Pirates de Silicon Valley - Web del Museo de Inform\u00e1tica 2.0","isPartOf":{"@id":"https:\/\/museo.inf.upv.es\/#website"},"primaryImageOfPage":{"@id":"https:\/\/museo.inf.upv.es\/va\/blog\/2014\/02\/08\/ciclo-de-cine-piratas-de-silicon-valley\/#primaryimage"},"image":{"@id":"https:\/\/museo.inf.upv.es\/va\/blog\/2014\/02\/08\/ciclo-de-cine-piratas-de-silicon-valley\/#primaryimage"},"thumbnailUrl":"https:\/\/museo.inf.upv.es\/wp-content\/uploads\/2014\/02\/portadapirata-e1392139527535.jpg","datePublished":"2014-02-08T21:30:46+00:00","author":{"@id":"https:\/\/museo.inf.upv.es\/#\/schema\/person\/187843ce2054d1d2490d4ba03bba99ce"},"breadcrumb":{"@id":"https:\/\/museo.inf.upv.es\/va\/blog\/2014\/02\/08\/ciclo-de-cine-piratas-de-silicon-valley\/#breadcrumb"},"inLanguage":"va-VA","potentialAction":[{"@type":"ReadAction","target":["https:\/\/museo.inf.upv.es\/va\/blog\/2014\/02\/08\/ciclo-de-cine-piratas-de-silicon-valley\/"]}]},{"@type":"ImageObject","inLanguage":"va-VA","@id":"https:\/\/museo.inf.upv.es\/va\/blog\/2014\/02\/08\/ciclo-de-cine-piratas-de-silicon-valley\/#primaryimage","url":"https:\/\/museo.inf.upv.es\/wp-content\/uploads\/2014\/02\/portadapirata-e1392139527535.jpg","contentUrl":"https:\/\/museo.inf.upv.es\/wp-content\/uploads\/2014\/02\/portadapirata-e1392139527535.jpg","width":324,"height":475},{"@type":"BreadcrumbList","@id":"https:\/\/museo.inf.upv.es\/va\/blog\/2014\/02\/08\/ciclo-de-cine-piratas-de-silicon-valley\/#breadcrumb","itemListElement":[{"@type":"ListItem","position":1,"name":"Portada","item":"https:\/\/museo.inf.upv.es\/"},{"@type":"ListItem","position":2,"name":"Cicle de Cinema &#8211; Pirates de Silicon Valley"}]},{"@type":"WebSite","@id":"https:\/\/museo.inf.upv.es\/#website","url":"https:\/\/museo.inf.upv.es\/","name":"Web del Museo de Inform\u00e1tica 2.0","description":"Web del Museo de Inform\u00e1tica 2.0","potentialAction":[{"@type":"SearchAction","target":{"@type":"EntryPoint","urlTemplate":"https:\/\/museo.inf.upv.es\/?s={search_term_string}"},"query-input":{"@type":"PropertyValueSpecification","valueRequired":true,"valueName":"search_term_string"}}],"inLanguage":"va-VA"},{"@type":"Person","@id":"https:\/\/museo.inf.upv.es\/#\/schema\/person\/187843ce2054d1d2490d4ba03bba99ce","name":"Fernando","image":{"@type":"ImageObject","inLanguage":"va-VA","@id":"https:\/\/secure.gravatar.com\/avatar\/f861d0dc2a2cd6fc6c7b2e4b76fb48705f8d41e834dd31bd1cca957e1b43e8e3?s=96&d=mm&r=g","url":"https:\/\/secure.gravatar.com\/avatar\/f861d0dc2a2cd6fc6c7b2e4b76fb48705f8d41e834dd31bd1cca957e1b43e8e3?s=96&d=mm&r=g","contentUrl":"https:\/\/secure.gravatar.com\/avatar\/f861d0dc2a2cd6fc6c7b2e4b76fb48705f8d41e834dd31bd1cca957e1b43e8e3?s=96&d=mm&r=g","caption":"Fernando"},"url":"https:\/\/museo.inf.upv.es\/va\/blog\/author\/comunicaciomuseu\/"}]}},"_links":{"self":[{"href":"https:\/\/museo.inf.upv.es\/va\/wp-json\/wp\/v2\/posts\/7649","targetHints":{"allow":["GET"]}}],"collection":[{"href":"https:\/\/museo.inf.upv.es\/va\/wp-json\/wp\/v2\/posts"}],"about":[{"href":"https:\/\/museo.inf.upv.es\/va\/wp-json\/wp\/v2\/types\/post"}],"author":[{"embeddable":true,"href":"https:\/\/museo.inf.upv.es\/va\/wp-json\/wp\/v2\/users\/2"}],"replies":[{"embeddable":true,"href":"https:\/\/museo.inf.upv.es\/va\/wp-json\/wp\/v2\/comments?post=7649"}],"version-history":[{"count":0,"href":"https:\/\/museo.inf.upv.es\/va\/wp-json\/wp\/v2\/posts\/7649\/revisions"}],"wp:featuredmedia":[{"embeddable":true,"href":"https:\/\/museo.inf.upv.es\/va\/wp-json\/wp\/v2\/media\/7650"}],"wp:attachment":[{"href":"https:\/\/museo.inf.upv.es\/va\/wp-json\/wp\/v2\/media?parent=7649"}],"wp:term":[{"taxonomy":"category","embeddable":true,"href":"https:\/\/museo.inf.upv.es\/va\/wp-json\/wp\/v2\/categories?post=7649"},{"taxonomy":"post_tag","embeddable":true,"href":"https:\/\/museo.inf.upv.es\/va\/wp-json\/wp\/v2\/tags?post=7649"}],"curies":[{"name":"wp","href":"https:\/\/api.w.org\/{rel}","templated":true}]}}